{"id":1013,"date":"2023-03-24T11:40:18","date_gmt":"2023-03-24T10:40:18","guid":{"rendered":"https:\/\/www.cliosimon.com\/portfolio\/?p=1013"},"modified":"2023-03-24T12:05:33","modified_gmt":"2023-03-24T11:05:33","slug":"song-offerings","status":"publish","type":"post","link":"https:\/\/www.cliosimon.com\/portfolio\/song-offerings\/","title":{"rendered":"SONG OFFERINGS"},"content":{"rendered":"\n<h3 class=\"wp-block-heading\">SONG OFFERINGS<\/h3>\n\n\n\n<h3 class=\"wp-block-heading\">L&rsquo;Ensemble instrumental <a href=\"https:\/\/www.laurent-cuniot.com\/\">TM+ dirig\u00e9 par Laurent Cuniot<\/a>, <br>et <a href=\"https:\/\/lapop.fr\/spectacles\/song-offerings\/\">La Pop<\/a> s&rsquo;associent et invitent <br><a href=\"https:\/\/www.cnd.fr\/fr\/program\/3479-madeleine-fournier\">MADELEINE FOURNIER<\/a>, <a href=\"https:\/\/www.compagnie1331.com\/lisa-guez\">LISA GUEZ<\/a> et <a href=\"http:\/\/www.cliosimon.com\">CLIO SIMON\u00a0<\/a><br>autour des oeuvres de Ravel et Harvey.<\/h3>\n\n\n\n<h6 class=\"wp-block-heading\">[CONCERT AUGMENT\u00c9]<\/h6>\n\n\n\n<p><strong>HORS LES MURS \u21e2<\/strong><\/p>\n\n\n\n<p><strong>Samedi 11 mars \u00e0 20h,&nbsp;<a href=\"https:\/\/www.opera-massy.com\/fr\/song-offerings.html?cmp_id=77&amp;news_id=914&amp;vID=80\">Op\u00e9ra de Massy&nbsp;<\/a><\/strong>(91)<\/p>\n\n\n\n<p><strong>Vendredi 17 mars \u00e0 20h30,\u00a0<a href=\"https:\/\/www.maisondelamusique.eu\/saison-2022-2023\/tm-6\/\">Maison de la musique de Nanterre\u00a0<\/a><\/strong>(92)<strong>\u00a0<\/strong><\/p>\n\n\n\n<p><strong>Mardi 28 mars \u00e0 20h,\u00a0<a href=\"https:\/\/www.theatrelarenaissance.com\/spectacle\/song-offerings-concert-augmente-3-0\/\">Th\u00e9\u00e2tre de la Renaissance<\/a><\/strong><a href=\"https:\/\/www.theatrelarenaissance.com\/spectacle\/song-offerings-concert-augmente-3-0\/\">,\u00a0<strong>Oullins\u00a0<\/strong><\/a>(69)<\/p>\n\n\n\n<p><em>Dur\u00e9e : 1h15<\/em><\/p>\n\n\n\n<p><strong><em>Song Offerings<\/em>&nbsp;convie trois artistes de l\u2019espace, du corps et de l\u2019image \u00e0 rejoindre les musicien\u00b7ne\u00b7s de l\u2019ensemble TM+ pour un voyage circulaire. La chor\u00e9graphe Madeleine Fournier, la metteuse en sc\u00e8ne Lisa Guez et l\u2019artiste vid\u00e9aste Clio Simon offrent tour \u00e0 tour leur regard sur deux pi\u00e8ces musicales in\u00e9puisables&nbsp;: les&nbsp;<em>Trois po\u00e8mes de St\u00e9phane Mallarm\u00e9<\/em>&nbsp;de Maurice Ravel et&nbsp;<em>Song offerings<\/em>&nbsp;de Jonathan Harvey.<\/strong><\/p>\n\n\n\n<p>\u00c0 travers ce concert augment\u00e9, les univers po\u00e9tiques de ces deux chefs d\u2019\u0153uvre de la musique du XX\u00e8me si\u00e8cle sont mis successivement en r\u00e9sonance avec trois interpr\u00e9tations artistiques d\u2019aujourd\u2019hui pour cr\u00e9er une nouvelle forme de spectacle musical.<\/p>\n\n\n\n<p>Dans la lign\u00e9e\u00a0<em>des Voyages de l\u2019\u00e9coute<\/em>\u00a0de TM+ et du cycle des (Re)Mix de La Pop,\u00a0<em>Song Offerings\u00a0<\/em>exalte le d\u00e9sir de l\u2019auditeur\u00b7rice : b\u00e9n\u00e9ficier \u00e0 la fois de l\u2019unique inou\u00ef du concert et de sa r\u00e9p\u00e9tition, ni tout \u00e0 fait la m\u00eame ni tout \u00e0 fait une autre, dans un mouvement renouvel\u00e9 de d\u00e9couverte et d\u2019apprivoisement.<\/p>\n\n\n\n<p><\/p>\n\n\n\n<p>Chor\u00e9graphie (regard #1)\u00a0<strong>Madeleine Fournier<\/strong><\/p>\n\n\n\n<p>Mise en sc\u00e8ne (regard #2)&nbsp;<strong>Lisa Guez<\/strong><\/p>\n\n\n\n<p>Cr\u00e9ation vid\u00e9o (regard #3)&nbsp;<strong>Clio Simon<\/strong><\/p>\n\n\n\n<p>Distribution&nbsp;<strong>\u00c9lise Chauvin<\/strong>&nbsp;(soprano),&nbsp;<strong>Ensemble Tm+, Gilles Burgos<\/strong>&nbsp;(fl\u00fbte),&nbsp;<strong>Anne-C\u00e9cile Cuniot<\/strong>&nbsp;(fl\u00fbte),&nbsp;<strong>Nicolas Fargeix&nbsp;<\/strong>(clarinette),&nbsp;<strong>Renaud Guy-Rousseau<\/strong>&nbsp;(clarinette),&nbsp;<strong>Julien Le Pape<\/strong>&nbsp;(piano),&nbsp;<strong>No\u00ebmi Schindler<\/strong>&nbsp;(violon),&nbsp;<strong>Nn<\/strong>&nbsp;(violon),&nbsp;<strong>Marc Desmons<\/strong>&nbsp;(alto),&nbsp;<strong>Florian Lauridon<\/strong>&nbsp;(violoncelle),&nbsp;<strong>Charlotte Testu&nbsp;<\/strong>(contrebasse),&nbsp;<strong>Laurent Cuniot<\/strong>&nbsp;(direction)<\/p>\n\n\n\n<p>Co-direction artistique\u00a0<strong>Laurent Cuniot<\/strong>\u00a0(TM+) et\u00a0<a href=\"https:\/\/lapop.fr\/le-projet\/\"><strong>Olivier Michel<\/strong>\u00a0(La Pop)<\/a><\/p>\n\n\n\n<p>Cr\u00e9ation lumi\u00e8re\u00a0<strong><a href=\"https:\/\/www.christophe-schaeffer.com\/\">Christophe Schaeffer<\/a><\/strong><\/p>\n\n\n\n<p>Production TM+, La Pop<\/p>\n\n\n\n<p>Coproductions Op\u00e9ra de Massy, Maison de la musique \u2013 sc\u00e8ne conventionn\u00e9e d\u2019int\u00e9r\u00eat national \u2013 art et cr\u00e9ation \u2013 pour la musique<\/p>\n","protected":false},"excerpt":{"rendered":"<p>SONG OFFERINGS L&rsquo;Ensemble instrumental TM+ dirig\u00e9 par Laurent Cuniot, et La Pop s&rsquo;associent et invitent MADELEINE FOURNIER, LISA GUEZ et CLIO SIMON\u00a0autour des oeuvres de Ravel et Harvey. [CONCERT AUGMENT\u00c9] HORS LES MURS \u21e2 Samedi 11 mars \u00e0 20h,&nbsp;Op\u00e9ra de Massy&nbsp;(91) Vendredi 17 mars \u00e0 20h30,\u00a0Maison de la musique de Nanterre\u00a0(92)\u00a0 Mardi 28 mars \u00e0 [&hellip;]<\/p>\n","protected":false},"author":1,"featured_media":1021,"comment_status":"open","ping_status":"open","sticky":false,"template":"","format":"standard","meta":{"jetpack_post_was_ever_published":false,"_jetpack_newsletter_access":"","_jetpack_dont_email_post_to_subs":false,"_jetpack_newsletter_tier_id":0,"_jetpack_memberships_contains_paywalled_content":false,"_jetpack_memberships_contains_paid_content":false,"footnotes":""},"categories":[7,4],"tags":[],"class_list":["post-1013","post","type-post","status-publish","format-standard","has-post-thumbnail","hentry","category-actu","category-oeuvres"],"jetpack_featured_media_url":"https:\/\/i0.wp.com\/www.cliosimon.com\/portfolio\/wp-content\/uploads\/2023\/03\/song-offerings-01.jpg?fit=1920%2C1080&ssl=1","jetpack_shortlink":"https:\/\/wp.me\/p7QcWA-gl","jetpack_sharing_enabled":true,"_links":{"self":[{"href":"https:\/\/www.cliosimon.com\/portfolio\/wp-json\/wp\/v2\/posts\/1013","targetHints":{"allow":["GET"]}}],"collection":[{"href":"https:\/\/www.cliosimon.com\/portfolio\/wp-json\/wp\/v2\/posts"}],"about":[{"href":"https:\/\/www.cliosimon.com\/portfolio\/wp-json\/wp\/v2\/types\/post"}],"author":[{"embeddable":true,"href":"https:\/\/www.cliosimon.com\/portfolio\/wp-json\/wp\/v2\/users\/1"}],"replies":[{"embeddable":true,"href":"https:\/\/www.cliosimon.com\/portfolio\/wp-json\/wp\/v2\/comments?post=1013"}],"version-history":[{"count":5,"href":"https:\/\/www.cliosimon.com\/portfolio\/wp-json\/wp\/v2\/posts\/1013\/revisions"}],"predecessor-version":[{"id":1023,"href":"https:\/\/www.cliosimon.com\/portfolio\/wp-json\/wp\/v2\/posts\/1013\/revisions\/1023"}],"wp:featuredmedia":[{"embeddable":true,"href":"https:\/\/www.cliosimon.com\/portfolio\/wp-json\/wp\/v2\/media\/1021"}],"wp:attachment":[{"href":"https:\/\/www.cliosimon.com\/portfolio\/wp-json\/wp\/v2\/media?parent=1013"}],"wp:term":[{"taxonomy":"category","embeddable":true,"href":"https:\/\/www.cliosimon.com\/portfolio\/wp-json\/wp\/v2\/categories?post=1013"},{"taxonomy":"post_tag","embeddable":true,"href":"https:\/\/www.cliosimon.com\/portfolio\/wp-json\/wp\/v2\/tags?post=1013"}],"curies":[{"name":"wp","href":"https:\/\/api.w.org\/{rel}","templated":true}]}}