{"id":1200,"date":"2026-04-13T14:03:48","date_gmt":"2026-04-13T13:03:48","guid":{"rendered":"https:\/\/www.cliosimon.com\/portfolio\/?p=1200"},"modified":"2026-04-17T18:21:41","modified_gmt":"2026-04-17T17:21:41","slug":"au-bord-du-visible","status":"publish","type":"post","link":"https:\/\/www.cliosimon.com\/portfolio\/au-bord-du-visible\/","title":{"rendered":"Au bord du visible"},"content":{"rendered":"\n<p>Co-r\u00e9alis\u00e9e par Clio Simon &amp; Elisabeth Bonneau<br>(06 min, Fr, 2026)<\/p>\n\n\n\n<p>Une image se projette \u00e0 l\u2019infini dans un paysage enneig\u00e9, tandis qu\u2019une femme se souvient.<br>Ciel et terre se confondent.<\/p>\n\n\n\n<p>Cr\u00e9ation visuelle : Clio Simon<br>Cr\u00e9ation sonore : Elisabeth Bonneau<br>\u00c9talonnage : Baptiste Evrard<br><br>R\u00e9alis\u00e9 dans le cadre de la \u00ab\u00a0Journ\u00e9e internationale des Nuages\u00a0\u00bb dirig\u00e9e par Fabienne Malaval Dupr\u00e9 (Directrice de la lecture publique et de l&rsquo;action culturelle, de la <strong>Communaut\u00e9 de communes du Haut-Lignon<\/strong>).<\/p>\n\n\n\n\n\n<figure class=\"wp-block-video\"><\/figure>\n","protected":false},"excerpt":{"rendered":"<p>Co-r\u00e9alis\u00e9e par Clio Simon &amp; Elisabeth Bonneau(06 min, Fr, 2026) Une image se projette \u00e0 l\u2019infini dans un paysage enneig\u00e9, tandis qu\u2019une femme se souvient.Ciel et terre se confondent. Cr\u00e9ation visuelle : Clio SimonCr\u00e9ation sonore : Elisabeth Bonneau\u00c9talonnage : Baptiste Evrard R\u00e9alis\u00e9 dans le cadre de la \u00ab\u00a0Journ\u00e9e internationale des Nuages\u00a0\u00bb dirig\u00e9e par Fabienne Malaval [&hellip;]<\/p>\n","protected":false},"author":1,"featured_media":1199,"comment_status":"open","ping_status":"open","sticky":false,"template":"","format":"standard","meta":{"jetpack_post_was_ever_published":false,"_jetpack_newsletter_access":"","_jetpack_dont_email_post_to_subs":false,"_jetpack_newsletter_tier_id":0,"_jetpack_memberships_contains_paywalled_content":false,"_jetpack_memberships_contains_paid_content":false,"footnotes":""},"categories":[1,4],"tags":[],"class_list":["post-1200","post","type-post","status-publish","format-standard","has-post-thumbnail","hentry","category-non-classe","category-oeuvres"],"jetpack_featured_media_url":"https:\/\/i0.wp.com\/www.cliosimon.com\/portfolio\/wp-content\/uploads\/2026\/04\/visuel_SIMON-Clio_aubordduvisible_07-scaled.png?fit=2560%2C1384&ssl=1","jetpack_shortlink":"https:\/\/wp.me\/p7QcWA-jm","jetpack_sharing_enabled":true,"_links":{"self":[{"href":"https:\/\/www.cliosimon.com\/portfolio\/wp-json\/wp\/v2\/posts\/1200","targetHints":{"allow":["GET"]}}],"collection":[{"href":"https:\/\/www.cliosimon.com\/portfolio\/wp-json\/wp\/v2\/posts"}],"about":[{"href":"https:\/\/www.cliosimon.com\/portfolio\/wp-json\/wp\/v2\/types\/post"}],"author":[{"embeddable":true,"href":"https:\/\/www.cliosimon.com\/portfolio\/wp-json\/wp\/v2\/users\/1"}],"replies":[{"embeddable":true,"href":"https:\/\/www.cliosimon.com\/portfolio\/wp-json\/wp\/v2\/comments?post=1200"}],"version-history":[{"count":4,"href":"https:\/\/www.cliosimon.com\/portfolio\/wp-json\/wp\/v2\/posts\/1200\/revisions"}],"predecessor-version":[{"id":1209,"href":"https:\/\/www.cliosimon.com\/portfolio\/wp-json\/wp\/v2\/posts\/1200\/revisions\/1209"}],"wp:featuredmedia":[{"embeddable":true,"href":"https:\/\/www.cliosimon.com\/portfolio\/wp-json\/wp\/v2\/media\/1199"}],"wp:attachment":[{"href":"https:\/\/www.cliosimon.com\/portfolio\/wp-json\/wp\/v2\/media?parent=1200"}],"wp:term":[{"taxonomy":"category","embeddable":true,"href":"https:\/\/www.cliosimon.com\/portfolio\/wp-json\/wp\/v2\/categories?post=1200"},{"taxonomy":"post_tag","embeddable":true,"href":"https:\/\/www.cliosimon.com\/portfolio\/wp-json\/wp\/v2\/tags?post=1200"}],"curies":[{"name":"wp","href":"https:\/\/api.w.org\/{rel}","templated":true}]}}